{"id":126,"date":"2015-03-05T19:44:47","date_gmt":"2015-03-05T18:44:47","guid":{"rendered":"http:\/\/solarijumservis.com\/solarijumi-blog\/?p=126"},"modified":"2015-03-05T19:46:24","modified_gmt":"2015-03-05T18:46:24","slug":"25-medunarodni-kongres-i-sajam-kozmetike-nege-kose-estetike-i-zdravlja","status":"publish","type":"post","link":"https:\/\/solarijumservis.com\/solarijumi-blog\/25-medunarodni-kongres-i-sajam-kozmetike-nege-kose-estetike-i-zdravlja\/","title":{"rendered":"25. me\u0111unarodni kongres i sajam kozmetike, nege kose, estetike i zdravlja"},"content":{"rendered":"<p>25. me\u0111unarodni kongres i sajam kozmetike, nege kose, estetike i zdravlja, najve\u0107i sajam lepote na podru\u010dju Jugoisto\u010dne Evrope. odr\u017ea\u0107e se 7. i 8. mart 2015. godine na beogradskom sajamu u Hali 2.<\/p>\n<p><img decoding=\"async\" loading=\"lazy\" src=\"http:\/\/solarijumservis.com\/solarijumi-blog\/wp-content\/uploads\/2015\/03\/11054500_1083634808331672_1467315185250420770_n.jpg\" alt=\"Sajam kozmetike 2015\" width=\"403\" height=\"412\" class=\"aligncenter size-full wp-image-127\" srcset=\"https:\/\/solarijumservis.com\/solarijumi-blog\/wp-content\/uploads\/2015\/03\/11054500_1083634808331672_1467315185250420770_n.jpg 403w, https:\/\/solarijumservis.com\/solarijumi-blog\/wp-content\/uploads\/2015\/03\/11054500_1083634808331672_1467315185250420770_n-293x300.jpg 293w\" sizes=\"(max-width: 403px) 100vw, 403px\" \/><\/p>\n<p>Rent a sun \u0107e u\u010destvovati kao i svih prethodnih godina sa svojom velikom ponudom solarijuma, lampi za solarijume, prate\u0107e opreme i kozmetike za suncanje. <\/p>\n<p>Posetite nas na standu broj 134 u Hali 2 da zajedno u\u017eivamo u prijatnoj atmosferi i dru\u017eenju.<\/p>\n","protected":false},"excerpt":{"rendered":"<p>25. me\u0111unarodni kongres i sajam kozmetike, nege kose, estetike i zdravlja, najve\u0107i sajam lepote na podru\u010dju Jugoisto\u010dne Evrope. odr\u017ea\u0107e se 7. i 8. mart 2015. godine na beogradskom sajamu u Hali 2. Rent a sun \u0107e u\u010destvovati kao i svih prethodnih godina sa svojom velikom ponudom solarijuma, lampi za solarijume, prate\u0107e opreme i kozmetike za &hellip; <a href=\"https:\/\/solarijumservis.com\/solarijumi-blog\/25-medunarodni-kongres-i-sajam-kozmetike-nege-kose-estetike-i-zdravlja\/\" class=\"more-link\">\u041d\u0430\u0441\u0442\u0430\u0432\u0438\u0442\u0435 \u0441\u0430 \u0447\u0438\u0442\u0430\u045a\u0435\u043c <span class=\"screen-reader-text\">25. me\u0111unarodni kongres i sajam kozmetike, nege kose, estetike i zdravlja<\/span> <span class=\"meta-nav\">&rarr;<\/span><\/a><\/p>\n","protected":false},"author":1,"featured_media":0,"comment_status":"open","ping_status":"open","sticky":false,"template":"","format":"standard","meta":{"footnotes":""},"categories":[1],"tags":[],"_links":{"self":[{"href":"https:\/\/solarijumservis.com\/solarijumi-blog\/wp-json\/wp\/v2\/posts\/126"}],"collection":[{"href":"https:\/\/solarijumservis.com\/solarijumi-blog\/wp-json\/wp\/v2\/posts"}],"about":[{"href":"https:\/\/solarijumservis.com\/solarijumi-blog\/wp-json\/wp\/v2\/types\/post"}],"author":[{"embeddable":true,"href":"https:\/\/solarijumservis.com\/solarijumi-blog\/wp-json\/wp\/v2\/users\/1"}],"replies":[{"embeddable":true,"href":"https:\/\/solarijumservis.com\/solarijumi-blog\/wp-json\/wp\/v2\/comments?post=126"}],"version-history":[{"count":3,"href":"https:\/\/solarijumservis.com\/solarijumi-blog\/wp-json\/wp\/v2\/posts\/126\/revisions"}],"predecessor-version":[{"id":130,"href":"https:\/\/solarijumservis.com\/solarijumi-blog\/wp-json\/wp\/v2\/posts\/126\/revisions\/130"}],"wp:attachment":[{"href":"https:\/\/solarijumservis.com\/solarijumi-blog\/wp-json\/wp\/v2\/media?parent=126"}],"wp:term":[{"taxonomy":"category","embeddable":true,"href":"https:\/\/solarijumservis.com\/solarijumi-blog\/wp-json\/wp\/v2\/categories?post=126"},{"taxonomy":"post_tag","embeddable":true,"href":"https:\/\/solarijumservis.com\/solarijumi-blog\/wp-json\/wp\/v2\/tags?post=126"}],"curies":[{"name":"wp","href":"https:\/\/api.w.org\/{rel}","templated":true}]}}