{"id":135,"date":"2015-10-12T23:45:30","date_gmt":"2015-10-12T21:45:30","guid":{"rendered":"http:\/\/solarijumservis.com\/solarijumi-blog\/?p=135"},"modified":"2015-10-12T23:45:30","modified_gmt":"2015-10-12T21:45:30","slug":"26-medunarodni-kongres-i-sajam-kozmetike-nege-kose-estetike-i-zdravlja","status":"publish","type":"post","link":"https:\/\/solarijumservis.com\/solarijumi-blog\/26-medunarodni-kongres-i-sajam-kozmetike-nege-kose-estetike-i-zdravlja\/","title":{"rendered":"26. me\u0111unarodni kongres i sajam kozmetike, nege kose, estetike i zdravlja"},"content":{"rendered":"<p>26. me\u0111unarodni kongres i sajam kozmetike, nege kose, estetike i zdravlja, najve\u0107i sajam lepote na podru\u010dju Jugoisto\u010dne Evrope odr\u017ea\u0107e se 17. i 18. oktobra 2015. godine na beogradskom sajamu u Hali 2.<\/p>\n<p><img decoding=\"async\" loading=\"lazy\" src=\"http:\/\/solarijumservis.com\/solarijumi-blog\/wp-content\/uploads\/2015\/10\/12107074_1206468656048286_5626158056812261876_n.jpg\" alt=\"26. sajam kozmetike\" width=\"680\" height=\"265\" class=\"aligncenter size-full wp-image-136\" srcset=\"https:\/\/solarijumservis.com\/solarijumi-blog\/wp-content\/uploads\/2015\/10\/12107074_1206468656048286_5626158056812261876_n.jpg 680w, https:\/\/solarijumservis.com\/solarijumi-blog\/wp-content\/uploads\/2015\/10\/12107074_1206468656048286_5626158056812261876_n-300x117.jpg 300w\" sizes=\"(max-width: 680px) 100vw, 680px\" \/><\/p>\n<p>Rent a sun \u0107e u\u010destvovati kao i svih prethodnih godina sa svojom bogatom ponudom solarijuma, lampi za solarijume, prate\u0107e opreme i kozmetike za suncanje.<\/p>\n<p>Posetite nas da zajedno u\u017eivamo u prijatnoj atmosferi i dru\u017eenju.<\/p>\n","protected":false},"excerpt":{"rendered":"<p>26. me\u0111unarodni kongres i sajam kozmetike, nege kose, estetike i zdravlja, najve\u0107i sajam lepote na podru\u010dju Jugoisto\u010dne Evrope odr\u017ea\u0107e se 17. i 18. oktobra 2015. godine na beogradskom sajamu u Hali 2. Rent a sun \u0107e u\u010destvovati kao i svih prethodnih godina sa svojom bogatom ponudom solarijuma, lampi za solarijume, prate\u0107e opreme i kozmetike za &hellip; <a href=\"https:\/\/solarijumservis.com\/solarijumi-blog\/26-medunarodni-kongres-i-sajam-kozmetike-nege-kose-estetike-i-zdravlja\/\" class=\"more-link\">\u041d\u0430\u0441\u0442\u0430\u0432\u0438\u0442\u0435 \u0441\u0430 \u0447\u0438\u0442\u0430\u045a\u0435\u043c <span class=\"screen-reader-text\">26. me\u0111unarodni kongres i sajam kozmetike, nege kose, estetike i zdravlja<\/span> <span class=\"meta-nav\">&rarr;<\/span><\/a><\/p>\n","protected":false},"author":1,"featured_media":0,"comment_status":"open","ping_status":"open","sticky":false,"template":"","format":"standard","meta":{"footnotes":""},"categories":[1],"tags":[],"_links":{"self":[{"href":"https:\/\/solarijumservis.com\/solarijumi-blog\/wp-json\/wp\/v2\/posts\/135"}],"collection":[{"href":"https:\/\/solarijumservis.com\/solarijumi-blog\/wp-json\/wp\/v2\/posts"}],"about":[{"href":"https:\/\/solarijumservis.com\/solarijumi-blog\/wp-json\/wp\/v2\/types\/post"}],"author":[{"embeddable":true,"href":"https:\/\/solarijumservis.com\/solarijumi-blog\/wp-json\/wp\/v2\/users\/1"}],"replies":[{"embeddable":true,"href":"https:\/\/solarijumservis.com\/solarijumi-blog\/wp-json\/wp\/v2\/comments?post=135"}],"version-history":[{"count":1,"href":"https:\/\/solarijumservis.com\/solarijumi-blog\/wp-json\/wp\/v2\/posts\/135\/revisions"}],"predecessor-version":[{"id":137,"href":"https:\/\/solarijumservis.com\/solarijumi-blog\/wp-json\/wp\/v2\/posts\/135\/revisions\/137"}],"wp:attachment":[{"href":"https:\/\/solarijumservis.com\/solarijumi-blog\/wp-json\/wp\/v2\/media?parent=135"}],"wp:term":[{"taxonomy":"category","embeddable":true,"href":"https:\/\/solarijumservis.com\/solarijumi-blog\/wp-json\/wp\/v2\/categories?post=135"},{"taxonomy":"post_tag","embeddable":true,"href":"https:\/\/solarijumservis.com\/solarijumi-blog\/wp-json\/wp\/v2\/tags?post=135"}],"curies":[{"name":"wp","href":"https:\/\/api.w.org\/{rel}","templated":true}]}}