{"id":99,"date":"2013-10-08T22:47:18","date_gmt":"2013-10-08T20:47:18","guid":{"rendered":"http:\/\/solarijumservis.com\/solarijumi-blog\/?p=99"},"modified":"2015-03-04T20:13:01","modified_gmt":"2015-03-04T19:13:01","slug":"sajam-kozmetike-nega-kose-estetike-i-zdravlja","status":"publish","type":"post","link":"https:\/\/solarijumservis.com\/solarijumi-blog\/sajam-kozmetike-nega-kose-estetike-i-zdravlja\/","title":{"rendered":"Sajam Kozmetike nega kose estetike i zdravlja"},"content":{"rendered":"<p>12. I 13. Oktobra odr\u017ea\u0107e se 22. Medjunarodni kongres i sajam kozmetike, nege kose ,estetike I zdravlja, na Beogradskom sajmu u hali 2. Sajam kozmetike Beogradski \u201cDodir Pariza\u201d spada u najve\u0107e beauty sajmove u Evropi,ima medjunarodni karakter i odr\u017eava se dva puta godi\u0161nje u prole\u0107e i na jesen.<\/p>\n<p><img decoding=\"async\" loading=\"lazy\" class=\"aligncenter size-full wp-image-100\" alt=\"Sajam kozmetike\" src=\"http:\/\/solarijumservis.com\/solarijumi-blog\/wp-content\/uploads\/2013\/10\/sajam-kozmetike.jpg\" width=\"680\" height=\"265\" srcset=\"https:\/\/solarijumservis.com\/solarijumi-blog\/wp-content\/uploads\/2013\/10\/sajam-kozmetike.jpg 680w, https:\/\/solarijumservis.com\/solarijumi-blog\/wp-content\/uploads\/2013\/10\/sajam-kozmetike-300x116.jpg 300w\" sizes=\"(max-width: 680px) 100vw, 680px\" \/><br \/>\n<!--more--><\/p>\n<p>Raznovrsna ponuda, veliki broj izlaga\u010da iz zemlje i inostranstva, mno\u0161tvo proizvoda i aparata za negu lepote,niske cene i pokloni su ono sto odlikuje svaki Sajam kozmetike.<\/p>\n<p>Rent a sun ce biti u\u010desnik i ove godine, i izlo\u017eiti svoju veliku ponudu solarijuma, lampi za solarijume, pratece opreme, kozmetike za suncanje\u2026 Posetite nas na standu broj 140 da zajedno u\u017eivamo u prijatnoj atmosferi.<\/p>\n<p>Prene\u0107emo sve svetske trendove, kao i inovacije sa tr\u017ei\u0161ta solarijuma.<\/p>\n<p><strong>Apdejt 17.10.2013:<\/strong><\/p>\n<p>Pogledajte deli\u0107 atmosfere sa na\u0161eg \u0161tanda na sajmu kozmetike:<\/p>\n<p>&nbsp;<br \/>\n<iframe loading=\"lazy\" width=\"420\" height=\"315\" src=\"\/\/www.youtube.com\/embed\/WH0JQYB9Yo4\" frameborder=\"0\" allowfullscreen><\/iframe><\/p>\n","protected":false},"excerpt":{"rendered":"<p>12. I 13. Oktobra odr\u017ea\u0107e se 22. Medjunarodni kongres i sajam kozmetike, nege kose ,estetike I zdravlja, na Beogradskom sajmu u hali 2. Sajam kozmetike Beogradski \u201cDodir Pariza\u201d spada u najve\u0107e beauty sajmove u Evropi,ima medjunarodni karakter i odr\u017eava se dva puta godi\u0161nje u prole\u0107e i na jesen.<\/p>\n","protected":false},"author":1,"featured_media":0,"comment_status":"open","ping_status":"open","sticky":false,"template":"","format":"standard","meta":{"footnotes":""},"categories":[1],"tags":[],"_links":{"self":[{"href":"https:\/\/solarijumservis.com\/solarijumi-blog\/wp-json\/wp\/v2\/posts\/99"}],"collection":[{"href":"https:\/\/solarijumservis.com\/solarijumi-blog\/wp-json\/wp\/v2\/posts"}],"about":[{"href":"https:\/\/solarijumservis.com\/solarijumi-blog\/wp-json\/wp\/v2\/types\/post"}],"author":[{"embeddable":true,"href":"https:\/\/solarijumservis.com\/solarijumi-blog\/wp-json\/wp\/v2\/users\/1"}],"replies":[{"embeddable":true,"href":"https:\/\/solarijumservis.com\/solarijumi-blog\/wp-json\/wp\/v2\/comments?post=99"}],"version-history":[{"count":5,"href":"https:\/\/solarijumservis.com\/solarijumi-blog\/wp-json\/wp\/v2\/posts\/99\/revisions"}],"predecessor-version":[{"id":123,"href":"https:\/\/solarijumservis.com\/solarijumi-blog\/wp-json\/wp\/v2\/posts\/99\/revisions\/123"}],"wp:attachment":[{"href":"https:\/\/solarijumservis.com\/solarijumi-blog\/wp-json\/wp\/v2\/media?parent=99"}],"wp:term":[{"taxonomy":"category","embeddable":true,"href":"https:\/\/solarijumservis.com\/solarijumi-blog\/wp-json\/wp\/v2\/categories?post=99"},{"taxonomy":"post_tag","embeddable":true,"href":"https:\/\/solarijumservis.com\/solarijumi-blog\/wp-json\/wp\/v2\/tags?post=99"}],"curies":[{"name":"wp","href":"https:\/\/api.w.org\/{rel}","templated":true}]}}